{"id":4176,"date":"2026-08-13T11:47:05","date_gmt":"2026-08-13T14:47:05","guid":{"rendered":"https:\/\/ctcp.org.br\/blog\/?p=4176"},"modified":"2026-08-13T11:47:06","modified_gmt":"2026-08-13T14:47:06","slug":"anatel-restringe-wi-fi-a-porcao-inferior-dos-6-ghz-a-partir-de-2027","status":"publish","type":"post","link":"https:\/\/ctcp.org.br\/blog\/anatel-restringe-wi-fi-a-porcao-inferior-dos-6-ghz-a-partir-de-2027\/","title":{"rendered":"Anatel restringe Wi-Fi \u00e0 por\u00e7\u00e3o inferior dos 6 GHz a partir de 2027"},"content":{"rendered":"\n<ul class=\"wp-block-list\">\n<li><a href=\"https:\/\/telesintese.com.br\/author\/rbucco\/\"><\/a><\/li>\n<\/ul>\n\n\n\n<p class=\"wp-block-paragraph\">Anatel definiu as caracter\u00edsticas t\u00e9cnicas da divis\u00e3o da faixa, com per\u00edodo de transi\u00e7\u00e3o. Por\u00e7\u00e3o de 6.425 MHz a 7.125 MHz ser\u00e1 preparada para redes m\u00f3veis.<\/p>\n\n\n\n<p class=\"wp-block-paragraph\">O Conselho Diretor da Ag\u00eancia Nacional de Telecomunica\u00e7\u00f5es (Anatel) aprovou ontem, 11, por unanimidade, a restri\u00e7\u00e3o dos equipamentos Wi-Fi \u00e0 subfaixa de 5.925 MHz a 6.425 MHz. A decis\u00e3o retira dos sistemas de acesso sem fio para redes locais a possibilidade de operar na parte superior da faixa de 6 GHz, entre 6.425 MHz e 7.125 MHz.<\/p>\n\n\n\n<p class=\"wp-block-paragraph\">A medida foi formalizada pelo Ac\u00f3rd\u00e3o n\u00ba 203 e pelo Ato n\u00ba 10.400, ambos de 12 de agosto de 2026. Os novos requisitos t\u00e9cnicos entraram em vigor com a publica\u00e7\u00e3o do ato no Boletim de Servi\u00e7o Eletr\u00f4nico da Anatel, mas sua aplica\u00e7\u00e3o ser\u00e1 obrigat\u00f3ria a partir de 1\u00ba de mar\u00e7o de 2027.<\/p>\n\n\n\n<p class=\"wp-block-paragraph\">Os equipamentos cujos certificados de conformidade t\u00e9cnica tenham validade posterior a essa data dever\u00e3o ser adaptados durante a manuten\u00e7\u00e3o peri\u00f3dica da certifica\u00e7\u00e3o. A regra cria um per\u00edodo de transi\u00e7\u00e3o para produtos que j\u00e1 foram certificados e homologados com capacidade para operar em toda a faixa de 6 GHz.<\/p>\n\n\n\n<p class=\"wp-block-paragraph\">A decis\u00e3o foi tomada no Circuito Deliberativo n\u00ba 190. Participaram da vota\u00e7\u00e3o o presidente da Anatel, Carlos Baigorri, os conselheiros Alexandre Freire, Edson Holanda e Octavio Pieranti e o conselheiro substituto Nilo Pasquali.<\/p>\n\n\n\n<h2 class=\"wp-block-heading\">Faixa superior ser\u00e1 destinada ao SMP<\/h2>\n\n\n\n<p class=\"wp-block-paragraph\">A decis\u00e3o teve como relator o conselheiro Alexandre Freire, autor da an\u00e1lise acolhida por unanimidade pelo Conselho Diretor da Anatel. Em seu voto, Freire defendeu a separa\u00e7\u00e3o imediata da faixa de 6 GHz com base nos resultados dos testes de conviv\u00eancia entre Wi-Fi e sistemas m\u00f3veis, mas manteve aberta a possibilidade de revis\u00e3o do modelo caso novas solu\u00e7\u00f5es tecnol\u00f3gicas permitam o compartilhamento da faixa superior.<\/p>\n\n\n\n<p class=\"wp-block-paragraph\">\u201cEsta decis\u00e3o reafirma uma concep\u00e7\u00e3o de regula\u00e7\u00e3o: o espectro \u00e9 um recurso p\u00fablico escasso e estrat\u00e9gico, e sua gest\u00e3o precisa ser orientada por evid\u00eancias, pelo uso eficiente e pelo interesse da sociedade. Os testes demonstraram que, no est\u00e1gio atual da tecnologia, a separa\u00e7\u00e3o entre as aplica\u00e7\u00f5es \u00e9 a solu\u00e7\u00e3o mais segura para mitigar interfer\u00eancias e permitir o desenvolvimento das redes m\u00f3veis\u201d, disse ao&nbsp;<strong>Tele.S\u00edntese<\/strong>.<\/p>\n\n\n\n<p class=\"wp-block-paragraph\">A mudan\u00e7a est\u00e1 relacionada \u00e0 atualiza\u00e7\u00e3o do Plano de Atribui\u00e7\u00e3o, Destina\u00e7\u00e3o e Distribui\u00e7\u00e3o de Faixas de Frequ\u00eancias no Brasil, aprovada em janeiro de 2025. O planejamento destinou a subfaixa de 6.425 MHz a 7.125 MHz a servi\u00e7os de interesse coletivo, incluindo o Servi\u00e7o M\u00f3vel Pessoal (SMP).<\/p>\n\n\n\n<p class=\"wp-block-paragraph\">Com o novo ato, equipamentos clientes, dispositivos de pot\u00eancia muito baixa, pontos de acesso internos e pontos de acesso subordinados passam a ser definidos como produtos que operam entre 5.925 MHz e 6.425 MHz.<\/p>\n\n\n\n<p class=\"wp-block-paragraph\">O limite de emiss\u00f5es esp\u00farias ou fora dessa subfaixa foi fixado em densidade espectral m\u00e1xima de pot\u00eancia EIRP de -27 dBm\/MHz. O ato mant\u00e9m a proibi\u00e7\u00e3o de pontos de acesso internos e subordinados em plataformas de petr\u00f3leo, autom\u00f3veis, trens, embarca\u00e7\u00f5es e aeronaves, com exce\u00e7\u00e3o da opera\u00e7\u00e3o no interior de aeronaves de grande porte acima de 10 mil p\u00e9s.<\/p>\n\n\n\n<p class=\"wp-block-paragraph\">A restri\u00e7\u00e3o n\u00e3o alcan\u00e7a de forma geral todos os equipamentos de radia\u00e7\u00e3o restrita que utilizam frequ\u00eancias entre 6.425 MHz e 7.125 MHz. A decis\u00e3o se aplica especificamente aos produtos classificados como sistemas de acesso sem fio em banda larga para redes locais.<\/p>\n\n\n\n<h2 class=\"wp-block-heading\">Testes indicaram perda de desempenho<\/h2>\n\n\n\n<p class=\"wp-block-paragraph\">A Anatel fundamentou a divis\u00e3o da faixa em testes laboratoriais, testes de campo e simula\u00e7\u00f5es sobre a conviv\u00eancia entre equipamentos Wi-Fi e sistemas m\u00f3veis IMT. Os estudos identificaram degrada\u00e7\u00e3o relevante do desempenho quando as duas tecnologias operavam no mesmo canal ou em frequ\u00eancias parcialmente sobrepostas.<\/p>\n\n\n\n<p class=\"wp-block-paragraph\">Em um dos cen\u00e1rios analisados, a perda na taxa de transmiss\u00e3o do Wi-Fi superou 90%, enquanto a degrada\u00e7\u00e3o do sistema IMT chegou a 25%. Outra configura\u00e7\u00e3o produziu perda de at\u00e9 100% para o Wi-Fi e de at\u00e9 30% para o IMT.<\/p>\n\n\n\n<p class=\"wp-block-paragraph\">Os n\u00edveis de interfer\u00eancia foram menores quando as tecnologias utilizaram canais adjacentes, sem sobreposi\u00e7\u00e3o. Com base nesses resultados, o Conselho Diretor considerou a separa\u00e7\u00e3o espectral uma medida adequada para preparar a faixa superior para as redes m\u00f3veis.<\/p>\n\n\n\n<h2 class=\"wp-block-heading\">Compartilhamento poder\u00e1 ser testado<\/h2>\n\n\n\n<p class=\"wp-block-paragraph\">Freire tamb\u00e9m sustentou o uso do experimentalismo regulat\u00f3rio como instrumento para conciliar inova\u00e7\u00e3o, seguran\u00e7a jur\u00eddica e decis\u00f5es baseadas em evid\u00eancias. Por sua proposta, as \u00e1reas t\u00e9cnicas da Anatel dever\u00e3o elaborar um ambiente regulat\u00f3rio experimental ap\u00f3s a aprova\u00e7\u00e3o definitiva do edital de 6 GHz, no qual ser\u00e1 testada, de forma controlada, a possibilidade de conviv\u00eancia entre Wi-Fi e SMP na subfaixa de 6.425 MHz a 7.125 MHz antes de eventual mudan\u00e7a permanente na regulamenta\u00e7\u00e3o.<\/p>\n\n\n\n<p class=\"wp-block-paragraph\">\u201cA regula\u00e7\u00e3o n\u00e3o pode congelar a tecnologia no tempo. Por isso, a decis\u00e3o tamb\u00e9m abre caminho para um ambiente regulat\u00f3rio experimental, no qual novas formas de conviv\u00eancia poder\u00e3o ser testadas e, se tecnicamente vi\u00e1veis, incorporadas no futuro\u201d, acrescenta o conselheiro.<\/p>\n\n\n\n<p class=\"wp-block-paragraph\">E completa: \u201cO sandbox \u00e9 a ponte entre a decis\u00e3o de hoje e a tecnologia de amanh\u00e3. Diante das evid\u00eancias de que a conviv\u00eancia entre redes m\u00f3veis e Wi-Fi na faixa superior de 6 GHz ainda apresenta riscos de interfer\u00eancia, preservamos esse espectro para as redes m\u00f3veis, mas criamos um ambiente controlado para testar novas solu\u00e7\u00f5es de conviv\u00eancia. \u00c9 prud\u00eancia regulat\u00f3ria sem fechar as portas \u00e0 inova\u00e7\u00e3o\u201d.<\/p>\n\n\n\n<p class=\"wp-block-paragraph\">A tese adotada no ac\u00f3rd\u00e3o tamb\u00e9m prev\u00ea que as superintend\u00eancias de Planejamento e Regulamenta\u00e7\u00e3o e de Outorga e Recursos \u00e0 Presta\u00e7\u00e3o elaborem uma proposta de ambiente regulat\u00f3rio experimental.<\/p>\n\n\n\n<p class=\"wp-block-paragraph\">O sandbox dever\u00e1 permitir testes controlados sobre uma poss\u00edvel conviv\u00eancia futura entre redes Wi-Fi e o SMP na faixa de 6.425 MHz a 7.125 MHz. A proposta dever\u00e1 ser preparada ap\u00f3s a aprova\u00e7\u00e3o definitiva do edital da faixa de 6 GHz, considerando a evolu\u00e7\u00e3o tecnol\u00f3gica e a maturidade do ecossistema de equipamentos.<\/p>\n\n\n\n<p class=\"wp-block-paragraph\">Fonte: Telesintese <\/p>\n","protected":false},"excerpt":{"rendered":"<p>Anatel definiu as caracter\u00edsticas t\u00e9cnicas da divis\u00e3o da faixa, com per\u00edodo de transi\u00e7\u00e3o. Por\u00e7\u00e3o de 6.425 MHz a 7.125 MHz<\/p>\n","protected":false},"author":1,"featured_media":4177,"comment_status":"open","ping_status":"open","sticky":false,"template":"","format":"standard","meta":{"footnotes":""},"categories":[26],"tags":[],"class_list":["post-4176","post","type-post","status-publish","format-standard","has-post-thumbnail","hentry","category-anatel"],"yoast_head":"<!-- This site is optimized with the Yoast SEO plugin v27.2 - https:\/\/yoast.com\/product\/yoast-seo-wordpress\/ -->\n<title>Anatel restringe Wi-Fi \u00e0 por\u00e7\u00e3o inferior dos 6 GHz a partir de 2027 - BLOG CTCP<\/title>\n<meta name=\"robots\" content=\"index, follow, max-snippet:-1, max-image-preview:large, max-video-preview:-1\" \/>\n<link rel=\"canonical\" href=\"https:\/\/ctcp.org.br\/blog\/anatel-restringe-wi-fi-a-porcao-inferior-dos-6-ghz-a-partir-de-2027\/\" \/>\n<meta property=\"og:locale\" content=\"pt_BR\" \/>\n<meta property=\"og:type\" content=\"article\" \/>\n<meta property=\"og:title\" content=\"Anatel restringe Wi-Fi \u00e0 por\u00e7\u00e3o inferior dos 6 GHz a partir de 2027 - BLOG CTCP\" \/>\n<meta property=\"og:description\" content=\"Anatel definiu as caracter\u00edsticas t\u00e9cnicas da divis\u00e3o da faixa, com per\u00edodo de transi\u00e7\u00e3o. Por\u00e7\u00e3o de 6.425 MHz a 7.125 MHz\" \/>\n<meta property=\"og:url\" content=\"https:\/\/ctcp.org.br\/blog\/anatel-restringe-wi-fi-a-porcao-inferior-dos-6-ghz-a-partir-de-2027\/\" \/>\n<meta property=\"og:site_name\" content=\"BLOG CTCP\" \/>\n<meta property=\"article:published_time\" content=\"2026-08-13T14:47:05+00:00\" \/>\n<meta property=\"article:modified_time\" content=\"2026-08-13T14:47:06+00:00\" \/>\n<meta property=\"og:image\" content=\"https:\/\/ctcp.org.br\/blog\/wp-content\/uploads\/2026\/08\/log-CTCP-ANATEL.jpg\" \/>\n\t<meta property=\"og:image:width\" content=\"1600\" \/>\n\t<meta property=\"og:image:height\" content=\"900\" \/>\n\t<meta property=\"og:image:type\" content=\"image\/jpeg\" \/>\n<meta name=\"author\" content=\"blogctcp\" \/>\n<meta name=\"twitter:card\" content=\"summary_large_image\" \/>\n<meta name=\"twitter:label1\" content=\"Escrito por\" \/>\n\t<meta name=\"twitter:data1\" content=\"blogctcp\" \/>\n\t<meta name=\"twitter:label2\" content=\"Est. tempo de leitura\" \/>\n\t<meta name=\"twitter:data2\" content=\"6 minutos\" \/>\n<script type=\"application\/ld+json\" class=\"yoast-schema-graph\">{\"@context\":\"https:\/\/schema.org\",\"@graph\":[{\"@type\":\"Article\",\"@id\":\"https:\/\/ctcp.org.br\/blog\/anatel-restringe-wi-fi-a-porcao-inferior-dos-6-ghz-a-partir-de-2027\/#article\",\"isPartOf\":{\"@id\":\"https:\/\/ctcp.org.br\/blog\/anatel-restringe-wi-fi-a-porcao-inferior-dos-6-ghz-a-partir-de-2027\/\"},\"author\":{\"name\":\"blogctcp\",\"@id\":\"https:\/\/ctcp.org.br\/blog\/#\/schema\/person\/d579db92336470b3d784aba17b1f8f9e\"},\"headline\":\"Anatel restringe Wi-Fi \u00e0 por\u00e7\u00e3o inferior dos 6 GHz a partir de 2027\",\"datePublished\":\"2026-08-13T14:47:05+00:00\",\"dateModified\":\"2026-08-13T14:47:06+00:00\",\"mainEntityOfPage\":{\"@id\":\"https:\/\/ctcp.org.br\/blog\/anatel-restringe-wi-fi-a-porcao-inferior-dos-6-ghz-a-partir-de-2027\/\"},\"wordCount\":1035,\"commentCount\":0,\"publisher\":{\"@id\":\"https:\/\/ctcp.org.br\/blog\/#organization\"},\"image\":{\"@id\":\"https:\/\/ctcp.org.br\/blog\/anatel-restringe-wi-fi-a-porcao-inferior-dos-6-ghz-a-partir-de-2027\/#primaryimage\"},\"thumbnailUrl\":\"https:\/\/ctcp.org.br\/blog\/wp-content\/uploads\/2026\/08\/log-CTCP-ANATEL.jpg\",\"articleSection\":[\"Anatel\"],\"inLanguage\":\"pt-BR\",\"potentialAction\":[{\"@type\":\"CommentAction\",\"name\":\"Comment\",\"target\":[\"https:\/\/ctcp.org.br\/blog\/anatel-restringe-wi-fi-a-porcao-inferior-dos-6-ghz-a-partir-de-2027\/#respond\"]}]},{\"@type\":\"WebPage\",\"@id\":\"https:\/\/ctcp.org.br\/blog\/anatel-restringe-wi-fi-a-porcao-inferior-dos-6-ghz-a-partir-de-2027\/\",\"url\":\"https:\/\/ctcp.org.br\/blog\/anatel-restringe-wi-fi-a-porcao-inferior-dos-6-ghz-a-partir-de-2027\/\",\"name\":\"Anatel restringe Wi-Fi \u00e0 por\u00e7\u00e3o inferior dos 6 GHz a partir de 2027 - BLOG CTCP\",\"isPartOf\":{\"@id\":\"https:\/\/ctcp.org.br\/blog\/#website\"},\"primaryImageOfPage\":{\"@id\":\"https:\/\/ctcp.org.br\/blog\/anatel-restringe-wi-fi-a-porcao-inferior-dos-6-ghz-a-partir-de-2027\/#primaryimage\"},\"image\":{\"@id\":\"https:\/\/ctcp.org.br\/blog\/anatel-restringe-wi-fi-a-porcao-inferior-dos-6-ghz-a-partir-de-2027\/#primaryimage\"},\"thumbnailUrl\":\"https:\/\/ctcp.org.br\/blog\/wp-content\/uploads\/2026\/08\/log-CTCP-ANATEL.jpg\",\"datePublished\":\"2026-08-13T14:47:05+00:00\",\"dateModified\":\"2026-08-13T14:47:06+00:00\",\"breadcrumb\":{\"@id\":\"https:\/\/ctcp.org.br\/blog\/anatel-restringe-wi-fi-a-porcao-inferior-dos-6-ghz-a-partir-de-2027\/#breadcrumb\"},\"inLanguage\":\"pt-BR\",\"potentialAction\":[{\"@type\":\"ReadAction\",\"target\":[\"https:\/\/ctcp.org.br\/blog\/anatel-restringe-wi-fi-a-porcao-inferior-dos-6-ghz-a-partir-de-2027\/\"]}]},{\"@type\":\"ImageObject\",\"inLanguage\":\"pt-BR\",\"@id\":\"https:\/\/ctcp.org.br\/blog\/anatel-restringe-wi-fi-a-porcao-inferior-dos-6-ghz-a-partir-de-2027\/#primaryimage\",\"url\":\"https:\/\/ctcp.org.br\/blog\/wp-content\/uploads\/2026\/08\/log-CTCP-ANATEL.jpg\",\"contentUrl\":\"https:\/\/ctcp.org.br\/blog\/wp-content\/uploads\/2026\/08\/log-CTCP-ANATEL.jpg\",\"width\":1600,\"height\":900},{\"@type\":\"BreadcrumbList\",\"@id\":\"https:\/\/ctcp.org.br\/blog\/anatel-restringe-wi-fi-a-porcao-inferior-dos-6-ghz-a-partir-de-2027\/#breadcrumb\",\"itemListElement\":[{\"@type\":\"ListItem\",\"position\":1,\"name\":\"In\u00edcio\",\"item\":\"https:\/\/ctcp.org.br\/blog\/\"},{\"@type\":\"ListItem\",\"position\":2,\"name\":\"Anatel restringe Wi-Fi \u00e0 por\u00e7\u00e3o inferior dos 6 GHz a partir de 2027\"}]},{\"@type\":\"WebSite\",\"@id\":\"https:\/\/ctcp.org.br\/blog\/#website\",\"url\":\"https:\/\/ctcp.org.br\/blog\/\",\"name\":\"BLOG CTCP\",\"description\":\"Not\u00edcias Telecomunica\u00e7\u00f5es e Certifica\u00e7\u00e3o ANATEL\",\"publisher\":{\"@id\":\"https:\/\/ctcp.org.br\/blog\/#organization\"},\"potentialAction\":[{\"@type\":\"SearchAction\",\"target\":{\"@type\":\"EntryPoint\",\"urlTemplate\":\"https:\/\/ctcp.org.br\/blog\/?s={search_term_string}\"},\"query-input\":{\"@type\":\"PropertyValueSpecification\",\"valueRequired\":true,\"valueName\":\"search_term_string\"}}],\"inLanguage\":\"pt-BR\"},{\"@type\":\"Organization\",\"@id\":\"https:\/\/ctcp.org.br\/blog\/#organization\",\"name\":\"BLOG CTCP\",\"url\":\"https:\/\/ctcp.org.br\/blog\/\",\"logo\":{\"@type\":\"ImageObject\",\"inLanguage\":\"pt-BR\",\"@id\":\"https:\/\/ctcp.org.br\/blog\/#\/schema\/logo\/image\/\",\"url\":\"https:\/\/ctcp.org.br\/blog\/wp-content\/uploads\/2021\/11\/cropped-telecom.png\",\"contentUrl\":\"https:\/\/ctcp.org.br\/blog\/wp-content\/uploads\/2021\/11\/cropped-telecom.png\",\"width\":216,\"height\":50,\"caption\":\"BLOG CTCP\"},\"image\":{\"@id\":\"https:\/\/ctcp.org.br\/blog\/#\/schema\/logo\/image\/\"}},{\"@type\":\"Person\",\"@id\":\"https:\/\/ctcp.org.br\/blog\/#\/schema\/person\/d579db92336470b3d784aba17b1f8f9e\",\"name\":\"blogctcp\",\"image\":{\"@type\":\"ImageObject\",\"inLanguage\":\"pt-BR\",\"@id\":\"https:\/\/secure.gravatar.com\/avatar\/c8c33fb4329b305998026b257f496c613dbd2188c98b6924523800ff9409ba7d?s=96&d=mm&r=g\",\"url\":\"https:\/\/secure.gravatar.com\/avatar\/c8c33fb4329b305998026b257f496c613dbd2188c98b6924523800ff9409ba7d?s=96&d=mm&r=g\",\"contentUrl\":\"https:\/\/secure.gravatar.com\/avatar\/c8c33fb4329b305998026b257f496c613dbd2188c98b6924523800ff9409ba7d?s=96&d=mm&r=g\",\"caption\":\"blogctcp\"},\"sameAs\":[\"https:\/\/ctcp.org.br\/blog\"],\"url\":\"https:\/\/ctcp.org.br\/blog\/author\/blogctcp\/\"}]}<\/script>\n<!-- \/ Yoast SEO plugin. -->","yoast_head_json":{"title":"Anatel restringe Wi-Fi \u00e0 por\u00e7\u00e3o inferior dos 6 GHz a partir de 2027 - BLOG CTCP","robots":{"index":"index","follow":"follow","max-snippet":"max-snippet:-1","max-image-preview":"max-image-preview:large","max-video-preview":"max-video-preview:-1"},"canonical":"https:\/\/ctcp.org.br\/blog\/anatel-restringe-wi-fi-a-porcao-inferior-dos-6-ghz-a-partir-de-2027\/","og_locale":"pt_BR","og_type":"article","og_title":"Anatel restringe Wi-Fi \u00e0 por\u00e7\u00e3o inferior dos 6 GHz a partir de 2027 - BLOG CTCP","og_description":"Anatel definiu as caracter\u00edsticas t\u00e9cnicas da divis\u00e3o da faixa, com per\u00edodo de transi\u00e7\u00e3o. Por\u00e7\u00e3o de 6.425 MHz a 7.125 MHz","og_url":"https:\/\/ctcp.org.br\/blog\/anatel-restringe-wi-fi-a-porcao-inferior-dos-6-ghz-a-partir-de-2027\/","og_site_name":"BLOG CTCP","article_published_time":"2026-08-13T14:47:05+00:00","article_modified_time":"2026-08-13T14:47:06+00:00","og_image":[{"width":1600,"height":900,"url":"https:\/\/ctcp.org.br\/blog\/wp-content\/uploads\/2026\/08\/log-CTCP-ANATEL.jpg","type":"image\/jpeg"}],"author":"blogctcp","twitter_card":"summary_large_image","twitter_misc":{"Escrito por":"blogctcp","Est. tempo de leitura":"6 minutos"},"schema":{"@context":"https:\/\/schema.org","@graph":[{"@type":"Article","@id":"https:\/\/ctcp.org.br\/blog\/anatel-restringe-wi-fi-a-porcao-inferior-dos-6-ghz-a-partir-de-2027\/#article","isPartOf":{"@id":"https:\/\/ctcp.org.br\/blog\/anatel-restringe-wi-fi-a-porcao-inferior-dos-6-ghz-a-partir-de-2027\/"},"author":{"name":"blogctcp","@id":"https:\/\/ctcp.org.br\/blog\/#\/schema\/person\/d579db92336470b3d784aba17b1f8f9e"},"headline":"Anatel restringe Wi-Fi \u00e0 por\u00e7\u00e3o inferior dos 6 GHz a partir de 2027","datePublished":"2026-08-13T14:47:05+00:00","dateModified":"2026-08-13T14:47:06+00:00","mainEntityOfPage":{"@id":"https:\/\/ctcp.org.br\/blog\/anatel-restringe-wi-fi-a-porcao-inferior-dos-6-ghz-a-partir-de-2027\/"},"wordCount":1035,"commentCount":0,"publisher":{"@id":"https:\/\/ctcp.org.br\/blog\/#organization"},"image":{"@id":"https:\/\/ctcp.org.br\/blog\/anatel-restringe-wi-fi-a-porcao-inferior-dos-6-ghz-a-partir-de-2027\/#primaryimage"},"thumbnailUrl":"https:\/\/ctcp.org.br\/blog\/wp-content\/uploads\/2026\/08\/log-CTCP-ANATEL.jpg","articleSection":["Anatel"],"inLanguage":"pt-BR","potentialAction":[{"@type":"CommentAction","name":"Comment","target":["https:\/\/ctcp.org.br\/blog\/anatel-restringe-wi-fi-a-porcao-inferior-dos-6-ghz-a-partir-de-2027\/#respond"]}]},{"@type":"WebPage","@id":"https:\/\/ctcp.org.br\/blog\/anatel-restringe-wi-fi-a-porcao-inferior-dos-6-ghz-a-partir-de-2027\/","url":"https:\/\/ctcp.org.br\/blog\/anatel-restringe-wi-fi-a-porcao-inferior-dos-6-ghz-a-partir-de-2027\/","name":"Anatel restringe Wi-Fi \u00e0 por\u00e7\u00e3o inferior dos 6 GHz a partir de 2027 - BLOG CTCP","isPartOf":{"@id":"https:\/\/ctcp.org.br\/blog\/#website"},"primaryImageOfPage":{"@id":"https:\/\/ctcp.org.br\/blog\/anatel-restringe-wi-fi-a-porcao-inferior-dos-6-ghz-a-partir-de-2027\/#primaryimage"},"image":{"@id":"https:\/\/ctcp.org.br\/blog\/anatel-restringe-wi-fi-a-porcao-inferior-dos-6-ghz-a-partir-de-2027\/#primaryimage"},"thumbnailUrl":"https:\/\/ctcp.org.br\/blog\/wp-content\/uploads\/2026\/08\/log-CTCP-ANATEL.jpg","datePublished":"2026-08-13T14:47:05+00:00","dateModified":"2026-08-13T14:47:06+00:00","breadcrumb":{"@id":"https:\/\/ctcp.org.br\/blog\/anatel-restringe-wi-fi-a-porcao-inferior-dos-6-ghz-a-partir-de-2027\/#breadcrumb"},"inLanguage":"pt-BR","potentialAction":[{"@type":"ReadAction","target":["https:\/\/ctcp.org.br\/blog\/anatel-restringe-wi-fi-a-porcao-inferior-dos-6-ghz-a-partir-de-2027\/"]}]},{"@type":"ImageObject","inLanguage":"pt-BR","@id":"https:\/\/ctcp.org.br\/blog\/anatel-restringe-wi-fi-a-porcao-inferior-dos-6-ghz-a-partir-de-2027\/#primaryimage","url":"https:\/\/ctcp.org.br\/blog\/wp-content\/uploads\/2026\/08\/log-CTCP-ANATEL.jpg","contentUrl":"https:\/\/ctcp.org.br\/blog\/wp-content\/uploads\/2026\/08\/log-CTCP-ANATEL.jpg","width":1600,"height":900},{"@type":"BreadcrumbList","@id":"https:\/\/ctcp.org.br\/blog\/anatel-restringe-wi-fi-a-porcao-inferior-dos-6-ghz-a-partir-de-2027\/#breadcrumb","itemListElement":[{"@type":"ListItem","position":1,"name":"In\u00edcio","item":"https:\/\/ctcp.org.br\/blog\/"},{"@type":"ListItem","position":2,"name":"Anatel restringe Wi-Fi \u00e0 por\u00e7\u00e3o inferior dos 6 GHz a partir de 2027"}]},{"@type":"WebSite","@id":"https:\/\/ctcp.org.br\/blog\/#website","url":"https:\/\/ctcp.org.br\/blog\/","name":"BLOG CTCP","description":"Not\u00edcias Telecomunica\u00e7\u00f5es e Certifica\u00e7\u00e3o ANATEL","publisher":{"@id":"https:\/\/ctcp.org.br\/blog\/#organization"},"potentialAction":[{"@type":"SearchAction","target":{"@type":"EntryPoint","urlTemplate":"https:\/\/ctcp.org.br\/blog\/?s={search_term_string}"},"query-input":{"@type":"PropertyValueSpecification","valueRequired":true,"valueName":"search_term_string"}}],"inLanguage":"pt-BR"},{"@type":"Organization","@id":"https:\/\/ctcp.org.br\/blog\/#organization","name":"BLOG CTCP","url":"https:\/\/ctcp.org.br\/blog\/","logo":{"@type":"ImageObject","inLanguage":"pt-BR","@id":"https:\/\/ctcp.org.br\/blog\/#\/schema\/logo\/image\/","url":"https:\/\/ctcp.org.br\/blog\/wp-content\/uploads\/2021\/11\/cropped-telecom.png","contentUrl":"https:\/\/ctcp.org.br\/blog\/wp-content\/uploads\/2021\/11\/cropped-telecom.png","width":216,"height":50,"caption":"BLOG CTCP"},"image":{"@id":"https:\/\/ctcp.org.br\/blog\/#\/schema\/logo\/image\/"}},{"@type":"Person","@id":"https:\/\/ctcp.org.br\/blog\/#\/schema\/person\/d579db92336470b3d784aba17b1f8f9e","name":"blogctcp","image":{"@type":"ImageObject","inLanguage":"pt-BR","@id":"https:\/\/secure.gravatar.com\/avatar\/c8c33fb4329b305998026b257f496c613dbd2188c98b6924523800ff9409ba7d?s=96&d=mm&r=g","url":"https:\/\/secure.gravatar.com\/avatar\/c8c33fb4329b305998026b257f496c613dbd2188c98b6924523800ff9409ba7d?s=96&d=mm&r=g","contentUrl":"https:\/\/secure.gravatar.com\/avatar\/c8c33fb4329b305998026b257f496c613dbd2188c98b6924523800ff9409ba7d?s=96&d=mm&r=g","caption":"blogctcp"},"sameAs":["https:\/\/ctcp.org.br\/blog"],"url":"https:\/\/ctcp.org.br\/blog\/author\/blogctcp\/"}]}},"_links":{"self":[{"href":"https:\/\/ctcp.org.br\/blog\/wp-json\/wp\/v2\/posts\/4176","targetHints":{"allow":["GET"]}}],"collection":[{"href":"https:\/\/ctcp.org.br\/blog\/wp-json\/wp\/v2\/posts"}],"about":[{"href":"https:\/\/ctcp.org.br\/blog\/wp-json\/wp\/v2\/types\/post"}],"author":[{"embeddable":true,"href":"https:\/\/ctcp.org.br\/blog\/wp-json\/wp\/v2\/users\/1"}],"replies":[{"embeddable":true,"href":"https:\/\/ctcp.org.br\/blog\/wp-json\/wp\/v2\/comments?post=4176"}],"version-history":[{"count":1,"href":"https:\/\/ctcp.org.br\/blog\/wp-json\/wp\/v2\/posts\/4176\/revisions"}],"predecessor-version":[{"id":4178,"href":"https:\/\/ctcp.org.br\/blog\/wp-json\/wp\/v2\/posts\/4176\/revisions\/4178"}],"wp:featuredmedia":[{"embeddable":true,"href":"https:\/\/ctcp.org.br\/blog\/wp-json\/wp\/v2\/media\/4177"}],"wp:attachment":[{"href":"https:\/\/ctcp.org.br\/blog\/wp-json\/wp\/v2\/media?parent=4176"}],"wp:term":[{"taxonomy":"category","embeddable":true,"href":"https:\/\/ctcp.org.br\/blog\/wp-json\/wp\/v2\/categories?post=4176"},{"taxonomy":"post_tag","embeddable":true,"href":"https:\/\/ctcp.org.br\/blog\/wp-json\/wp\/v2\/tags?post=4176"}],"curies":[{"name":"wp","href":"https:\/\/api.w.org\/{rel}","templated":true}]}}